{"id":1193,"date":"2025-10-10T10:20:19","date_gmt":"2025-10-10T11:20:19","guid":{"rendered":"https:\/\/www.dsdf.net\/?p=1193"},"modified":"2025-10-10T10:20:19","modified_gmt":"2025-10-10T11:20:19","slug":"nijmegen-gazze-icin-taniklik-eylemi","status":"publish","type":"post","link":"https:\/\/www.dsdf.net\/?p=1193","title":{"rendered":"Nijmegen &#8220;Gazze icin taniklik eylemi&#8221;"},"content":{"rendered":"\n<p><strong>DSDF, Nijmegen&#8217;deki Gazze \u0130\u00e7in Tan\u0131kl\u0131k Eylemine Tam Destek Verdi<\/strong><\/p>\n\n\n\n<p><strong>Nijmegen, Hollanda<\/strong>&nbsp;\u2013 Demokratik Sosyal Dernekler Federasyonu (DSDF), Hollanda&#8217;n\u0131n Nijmegen kentinde&nbsp;<strong>2-6 Temmuz<\/strong>&nbsp;tarihleri aras\u0131nda d\u00fczenlenen &#8220;<strong>Gazze \u0130\u00e7in Tan\u0131kl\u0131k<\/strong>&#8221; eylemine ilk g\u00fcnden itibaren destek veriyor. DSDF Ba\u015fkan\u0131 ve \u00fcyeleri, 110 saat boyunca aral\u0131ks\u0131z s\u00fcrecek olan isim okuma etkinli\u011fine aktif kat\u0131l\u0131m g\u00f6sterirken, birlikte calistigi dernek ve kurumlari bu anlaml\u0131 eyleme destek olmaya \u00e7a\u011f\u0131rd\u0131.<\/p>\n\n\n\n<p><strong>DSDF&#8217;den Anlaml\u0131 Kat\u0131l\u0131m<\/strong><\/p>\n\n\n\n<p>DSDF Ba\u015fkan\u0131&nbsp;<strong>Nevzat Cing\u00f6z<\/strong>, eylemin ilk saatlerinde yapt\u0131\u011f\u0131 konu\u015fmada,&nbsp;<strong>&#8220;Gazze&#8217;de ya\u015fanan insanl\u0131k trajedisine sessiz kalmak m\u00fcmk\u00fcn de\u011fil. Bu eylem, yaln\u0131zca bir anma de\u011fil, ayn\u0131 zamanda d\u00fcnyaya &#8216;Art\u0131k yeter!&#8217; deme bi\u00e7iminden biridir&#8221;<\/strong>&nbsp;dedi. DSDF \u00fcyeleri, etkinlik boyunca hem isim okuyarak hem de&nbsp;<strong>10 kilometrelik k\u0131rm\u0131z\u0131 bez \u015ferit projesine<\/strong>&nbsp;katk\u0131 sa\u011flayarak eyleme destek oldu.<\/p>\n\n\n\n<p><strong>&#8220;Herkesi Bu Tarihi Tan\u0131kl\u0131\u011fa Davet Ediyoruz&#8221;<\/strong><\/p>\n\n\n\n<p>DSDF ad\u0131na a\u00e7\u0131klama yapan&nbsp;<strong>Nevzat Cing\u00f6z<\/strong>,&nbsp;<strong>&#8220;Mustafa Kemal Atat\u00fcrk&#8217;\u00fcn &#8216;Yurtta sulh, cihanda sulh&#8217; ilkesiyle hareket ediyoruz. Bu eylem, insanl\u0131k ad\u0131na verilen k\u00fcresel bir m\u00fccadeledir&#8221;<\/strong>&nbsp;ifadelerini kulland\u0131. Cing\u00f6z,&nbsp;<strong>Martin Luther King ve Nelson Mandela<\/strong>&nbsp;gibi liderlerin evrensel adalet \u00e7a\u011fr\u0131lar\u0131n\u0131 hat\u0131rlatarak,&nbsp;<strong>&#8220;Herkesi, ister Nijmegen&#8217;de ister d\u00fcnyan\u0131n herhangi bir yerinde, bu sessiz \u00e7\u0131\u011fl\u0131\u011fa ortak olmaya davet ediyoruz&#8221;<\/strong>&nbsp;dedi.<\/p>\n\n\n\n<p><strong>Nas\u0131l Destek Olunur?<\/strong><\/p>\n\n\n\n<ul class=\"wp-block-list\">\n<li><strong>\u0130sim okuyarak:<\/strong>\u00a0<a href=\"http:\/\/www.getuigenvangaza-nijmegen.nl\/\" target=\"_blank\" rel=\"noreferrer noopener\">www.GetuigenvanGaza-Nijmegen.nl<\/a>\u00a0adresinden kay\u0131t yapt\u0131rabilirsiniz.<\/li>\n\n\n\n<li><strong>K\u0131rm\u0131z\u0131 bez projesine kat\u0131larak:<\/strong>\u00a0Stevenskerk Kilisesi&#8217;nde her g\u00fcn 10.00-17.00 saatleri aras\u0131nda d\u00fczenlenen etkinli\u011fe kat\u0131labilirsiniz.<\/li>\n\n\n\n<li><strong>Sosyal medyada #GetuigenvanGaza-Nijmegen.nl etiketiyle payla\u015f\u0131m yaparak<\/strong>\u00a0sizde sesinizi duyurabilirsiniz.<\/li>\n<\/ul>\n\n\n\n<p><strong>&#8220;Bu Bir \u0130nsanl\u0131k G\u00f6revidir&#8221;<\/strong><\/p>\n\n\n\n<p>DSDF olarak, eylemin&nbsp;<strong>siyasi bir mesaj de\u011fil, insani bir \u00e7a\u011fr\u0131<\/strong>&nbsp;oldu\u011funu vurgulayarak, kat\u0131l\u0131mc\u0131lar\u0131n \u00e7i\u00e7ek, bayrak veya siyasi semboller getirmemesi konusunda uyar\u0131yoruz.&nbsp;<strong>&#8220;Amac\u0131m\u0131z, kaybedilen her bir hayat\u0131 insanl\u0131k onuruyla anmak ve d\u00fcnyaya umut olmakt\u0131r&#8221;<\/strong>&nbsp;eylem&nbsp;<strong>6 Temmuz Pazar ak\u015fam\u0131na kadar<\/strong>&nbsp;s\u00fcrecektir.<\/p>\n\n\n\n<p><strong>&#8220;Adaletin olmad\u0131\u011f\u0131 yerde, suskunluk zulme ortakl\u0131kt\u0131r.&#8221;<\/strong><br><\/p>\n\n\n\n<p>DSDF olarak, Gazze&#8217;deki insanl\u0131k dram\u0131na dikkat \u00e7eken bu anlaml\u0131 eyleme destek vermekten onur duyuyoruz. Sizlerin de duyarl\u0131l\u0131\u011f\u0131 ve katk\u0131lar\u0131,&nbsp;<strong>&#8220;mazlumlar\u0131n sesi&#8221;<\/strong>&nbsp;olma m\u00fccadelemizde bize g\u00fc\u00e7 veriyor.<\/p>\n\n\n\n<p><strong>Unutmayal\u0131m:<\/strong><br>\u279c&nbsp;<strong>Her okunan isim<\/strong>, unutulmaya y\u00fcz tutan bir hayat\u0131 d\u00fcnyaya hat\u0131rlat\u0131r.<br>\u279c&nbsp;<strong>Her d\u00fc\u011f\u00fcmlenen k\u0131rm\u0131z\u0131 bez<\/strong>, direni\u015fin ve umudun sembol\u00fcd\u00fcr.<\/p>\n\n\n\n<p>Ibrahim Hac\u0131salman<\/p>\n\n\n\n<figure class=\"wp-block-image size-large\"><a href=\"https:\/\/www.dsdf.net\/wp-content\/uploads\/2025\/10\/WhatsApp-Image-2025-07-05-at-01.02.48.jpeg\"><img loading=\"lazy\" decoding=\"async\" width=\"1024\" height=\"768\" src=\"https:\/\/www.dsdf.net\/wp-content\/uploads\/2025\/10\/WhatsApp-Image-2025-07-05-at-01.02.48-1024x768.jpeg\" alt=\"\" class=\"wp-image-1195\" srcset=\"https:\/\/www.dsdf.net\/wp-content\/uploads\/2025\/10\/WhatsApp-Image-2025-07-05-at-01.02.48-1024x768.jpeg 1024w, https:\/\/www.dsdf.net\/wp-content\/uploads\/2025\/10\/WhatsApp-Image-2025-07-05-at-01.02.48-300x225.jpeg 300w, https:\/\/www.dsdf.net\/wp-content\/uploads\/2025\/10\/WhatsApp-Image-2025-07-05-at-01.02.48-768x576.jpeg 768w, https:\/\/www.dsdf.net\/wp-content\/uploads\/2025\/10\/WhatsApp-Image-2025-07-05-at-01.02.48-1536x1152.jpeg 1536w, https:\/\/www.dsdf.net\/wp-content\/uploads\/2025\/10\/WhatsApp-Image-2025-07-05-at-01.02.48.jpeg 1600w\" sizes=\"auto, (max-width: 1024px) 100vw, 1024px\" \/><\/a><\/figure>\n\n\n\n<figure class=\"wp-block-image size-large is-style-default\"><a href=\"https:\/\/www.dsdf.net\/wp-content\/uploads\/2025\/10\/WhatsApp-Image-2025-07-04-at-15.14.25.jpeg\"><img loading=\"lazy\" decoding=\"async\" width=\"1024\" height=\"768\" src=\"https:\/\/www.dsdf.net\/wp-content\/uploads\/2025\/10\/WhatsApp-Image-2025-07-04-at-15.14.25-1024x768.jpeg\" alt=\"\" class=\"wp-image-1194\" srcset=\"https:\/\/www.dsdf.net\/wp-content\/uploads\/2025\/10\/WhatsApp-Image-2025-07-04-at-15.14.25-1024x768.jpeg 1024w, https:\/\/www.dsdf.net\/wp-content\/uploads\/2025\/10\/WhatsApp-Image-2025-07-04-at-15.14.25-300x225.jpeg 300w, https:\/\/www.dsdf.net\/wp-content\/uploads\/2025\/10\/WhatsApp-Image-2025-07-04-at-15.14.25-768x576.jpeg 768w, https:\/\/www.dsdf.net\/wp-content\/uploads\/2025\/10\/WhatsApp-Image-2025-07-04-at-15.14.25-1536x1152.jpeg 1536w, https:\/\/www.dsdf.net\/wp-content\/uploads\/2025\/10\/WhatsApp-Image-2025-07-04-at-15.14.25.jpeg 1600w\" sizes=\"auto, (max-width: 1024px) 100vw, 1024px\" \/><\/a><\/figure>\n","protected":false},"excerpt":{"rendered":"<p>DSDF, Nijmegen&#8217;deki Gazze \u0130\u00e7in Tan\u0131kl\u0131k Eylemine Tam Destek Verdi Nijmegen, Hollanda&nbsp;\u2013 Demokratik Sosyal Dernekler Federasyonu (DSDF), Hollanda&#8217;n\u0131n Nijmegen kentinde&nbsp;2-6 Temmuz&nbsp;tarihleri aras\u0131nda d\u00fczenlenen &#8220;Gazze \u0130\u00e7in Tan\u0131kl\u0131k&#8221; eylemine ilk g\u00fcnden itibaren destek veriyor. DSDF Ba\u015fkan\u0131 ve \u00fcyeleri, 110 saat boyunca aral\u0131ks\u0131z s\u00fcrecek olan isim okuma etkinli\u011fine aktif kat\u0131l\u0131m g\u00f6sterirken, birlikte calistigi dernek ve kurumlari bu anlaml\u0131 eyleme [&hellip;]<\/p>\n","protected":false},"author":4,"featured_media":0,"comment_status":"closed","ping_status":"closed","sticky":false,"template":"","format":"standard","meta":{"pgc_sgb_lightbox_settings":"","footnotes":""},"categories":[39,35,1],"tags":[],"class_list":["post-1193","post","type-post","status-publish","format-standard","hentry","category-basin-aciklamasi","category-galerij","category-uncategorized","entry"],"_links":{"self":[{"href":"https:\/\/www.dsdf.net\/index.php?rest_route=\/wp\/v2\/posts\/1193","targetHints":{"allow":["GET"]}}],"collection":[{"href":"https:\/\/www.dsdf.net\/index.php?rest_route=\/wp\/v2\/posts"}],"about":[{"href":"https:\/\/www.dsdf.net\/index.php?rest_route=\/wp\/v2\/types\/post"}],"author":[{"embeddable":true,"href":"https:\/\/www.dsdf.net\/index.php?rest_route=\/wp\/v2\/users\/4"}],"replies":[{"embeddable":true,"href":"https:\/\/www.dsdf.net\/index.php?rest_route=%2Fwp%2Fv2%2Fcomments&post=1193"}],"version-history":[{"count":1,"href":"https:\/\/www.dsdf.net\/index.php?rest_route=\/wp\/v2\/posts\/1193\/revisions"}],"predecessor-version":[{"id":1196,"href":"https:\/\/www.dsdf.net\/index.php?rest_route=\/wp\/v2\/posts\/1193\/revisions\/1196"}],"wp:attachment":[{"href":"https:\/\/www.dsdf.net\/index.php?rest_route=%2Fwp%2Fv2%2Fmedia&parent=1193"}],"wp:term":[{"taxonomy":"category","embeddable":true,"href":"https:\/\/www.dsdf.net\/index.php?rest_route=%2Fwp%2Fv2%2Fcategories&post=1193"},{"taxonomy":"post_tag","embeddable":true,"href":"https:\/\/www.dsdf.net\/index.php?rest_route=%2Fwp%2Fv2%2Ftags&post=1193"}],"curies":[{"name":"wp","href":"https:\/\/api.w.org\/{rel}","templated":true}]}}